{"id":10604,"date":"2024-12-06T07:20:43","date_gmt":"2024-12-06T07:20:43","guid":{"rendered":"https:\/\/flexoffice.swiss\/?p=10604"},"modified":"2024-12-13T17:33:43","modified_gmt":"2024-12-13T17:33:43","slug":"flexoffice-jed-die-zukunftsweisende-architektur-des-wahrscheinlich-nachhaltigsten-bueros-der-welt","status":"publish","type":"post","link":"https:\/\/flexoffice.swiss\/fr\/flexoffice-jed-die-zukunftsweisende-architektur-des-wahrscheinlich-nachhaltigsten-bueros-der-welt\/","title":{"rendered":"FlexOffice JED: Die zukunftsweisende Architektur des wahrscheinlich nachhaltigsten B\u00fcros der Welt."},"content":{"rendered":"\n<p class=\"has-text-align-left\"><\/p>\n\n\n\n<p><strong><strong>Was ist das 22\u00b726 Prinzip und wie funktioniert es?<\/strong>\u00a0<\/strong>\u00a0<\/p>\n\n\n\n<p>Das <a href=\"https:\/\/www.2226.eu\" target=\"_blank\" rel=\"noopener\">22\u00b726<\/a> Prinzip im <a href=\"https:\/\/jed.swiss\" target=\"_blank\" rel=\"noopener\">JED<\/a>-Geb\u00e4ude ist ein Durchbruch im nachhaltigen Bauen. Dicke W\u00e4nde speichern W\u00e4rme und regulieren die Temperatur auf nat\u00fcrliche Weise. Sensor-gesteuerte nat\u00fcrliche L\u00fcftung sorgen zudem f\u00fcr frische Luft \u2013 ganz ohne CO\u2082-Emissionen, die bei herk\u00f6mmlichen Klimasystemen entstehen w\u00fcrden.<\/p>\n\n\n\n<p><strong>Nachhaltigkeit in jeder Facette<\/strong><\/p>\n\n\n\n<p>Das JED-Geb\u00e4ude ist aus vollst\u00e4ndig recycelbaren Materialien gebaut und setzt auf erneuerbare Energien, etwa durch Solarpanels auf dem Dach. FlexOffice bietet hier nicht nur ein gesundes, umweltfreundliches Arbeitsumfeld, sondern leistet gleichzeitig einen Beitrag zur Reduzierung des \u00f6kologischen Fussabdrucks.<\/p>\n\n\n\n<p><strong><strong>Warum das f\u00fcr Ihren Arbeitsplatz wichtig ist<\/strong><\/strong>&nbsp;<\/p>\n\n\n\n<p>Ein B\u00fcro wie FlexOffice JED zu w\u00e4hlen, bedeutet mehr als nur Umweltschutz. Die nat\u00fcrliche Klimatisierung sorgt f\u00fcr stabile Luftqualit\u00e4t und angenehme Temperaturen, was ein optimales Arbeitsklima unterst\u00fctzt.<\/p>\n\n\n\n<p><strong>Werden Sie Teil des wahrscheinlich nachhaltigsten B\u00fcros der Welt<\/strong><\/p>\n\n\n\n<p>Wir freuen uns, unseren Membern im JED-Geb\u00e4ude eine zukunftsorientierte, nachhaltige Arbeitsumgebung bieten zu k\u00f6nnen. FlexOffice JED steht f\u00fcr eine perfekte Kombination aus Innovation, Komfort und Nachhaltigkeit. <\/p>\n\n\n\n<p><em>Erlebe FlexOffice JED und gestalte die Zukunft nachhaltiger Arbeitsr\u00e4ume mit uns.<\/em><\/p>\n\n\n\n<p><em>Buche eine Besichtigung \u2013 entdecke den Raum und lass dich bei einer Tasse Kaffee von der Atmosph\u00e4re \u00fcberzeugen.<\/em><\/p>\n\n\n\n<div style=\"height:40px\" aria-hidden=\"true\" class=\"wp-block-spacer\"><\/div>\n\n\n\n<div class=\"wp-block-buttons is-layout-flex wp-block-buttons-is-layout-flex\">\n<div class=\"wp-block-button has-custom-font-size is-style-fill\" style=\"font-size:16px\"><a class=\"wp-block-button__link has-black-background-color has-background wp-element-button\" href=\"#book-tour\">Tour Buchen<\/a><\/div>\n<\/div>\n\n\n\n<div style=\"height:40px\" aria-hidden=\"true\" class=\"wp-block-spacer\"><\/div>\n\n\n\n      <div id=\"block_aa76c0d230482d06505183c229661463\" class=\"block-cta  l-block\" >\n  \n      <div class=\"team-hero space slider-style-one\">\n\t\t<div class=\"container\">\n        \n                        \n            <div class=\"slider\"><div class=\"slide\"><img decoding=\"async\" class=\"slide-img\" src=\"https:\/\/flexoffice.swiss\/wp-content\/uploads\/JED-1.png\" alt=\"\" \/><\/div><div class=\"slide\"><img decoding=\"async\" class=\"slide-img\" src=\"https:\/\/flexoffice.swiss\/wp-content\/uploads\/JED-2.png\" alt=\"\" \/><\/div><div class=\"slide\"><img decoding=\"async\" class=\"slide-img\" src=\"https:\/\/flexoffice.swiss\/wp-content\/uploads\/Mauer.png\" alt=\"\" \/><\/div><div class=\"slide\"><img decoding=\"async\" class=\"slide-img\" src=\"https:\/\/flexoffice.swiss\/wp-content\/uploads\/Panels.jpg\" alt=\"\" \/><\/div><div class=\"slide\"><img decoding=\"async\" class=\"slide-img\" src=\"https:\/\/flexoffice.swiss\/wp-content\/uploads\/JED_Gebaeude_2.jpg\" alt=\"\" \/><\/div><\/div>\t\t\t\t\n\t\t<\/div>\n\t<\/div>\t\n    <\/div>","protected":false},"excerpt":{"rendered":"<p>Bei FlexOffice sind wir \u00fcberzeugt, dass Innovation und Nachhaltigkeit Hand in Hand gehen \u2013 und genau das verk\u00f6rpert unsere neue Location im neu gebauten Geb\u00e4ude des JED Areals. Dieser Standort setzt neue Massst\u00e4be in Sachen Nachhaltigkeit. Dank des revolution\u00e4ren 22\u00b726 Prinzips bleibt das Raumklima ohne klassische Heiz- oder K\u00fchlsysteme auf nat\u00fcrliche Weise zwischen 22\u00b0C und 26\u00b0C.<\/p>\n","protected":false},"author":7,"featured_media":10740,"comment_status":"closed","ping_status":"open","sticky":false,"template":"","format":"standard","meta":{"_acf_changed":false,"footnotes":""},"categories":[173,35,37],"tags":[],"class_list":["post-10604","post","type-post","status-publish","format-standard","has-post-thumbnail","","category-sustainability","category-workplace","category-flexoffice-news"],"acf":[],"_links":{"self":[{"href":"https:\/\/flexoffice.swiss\/fr\/wp-json\/wp\/v2\/posts\/10604","targetHints":{"allow":["GET"]}}],"collection":[{"href":"https:\/\/flexoffice.swiss\/fr\/wp-json\/wp\/v2\/posts"}],"about":[{"href":"https:\/\/flexoffice.swiss\/fr\/wp-json\/wp\/v2\/types\/post"}],"author":[{"embeddable":true,"href":"https:\/\/flexoffice.swiss\/fr\/wp-json\/wp\/v2\/users\/7"}],"replies":[{"embeddable":true,"href":"https:\/\/flexoffice.swiss\/fr\/wp-json\/wp\/v2\/comments?post=10604"}],"version-history":[{"count":26,"href":"https:\/\/flexoffice.swiss\/fr\/wp-json\/wp\/v2\/posts\/10604\/revisions"}],"predecessor-version":[{"id":10710,"href":"https:\/\/flexoffice.swiss\/fr\/wp-json\/wp\/v2\/posts\/10604\/revisions\/10710"}],"wp:featuredmedia":[{"embeddable":true,"href":"https:\/\/flexoffice.swiss\/fr\/wp-json\/wp\/v2\/media\/10740"}],"wp:attachment":[{"href":"https:\/\/flexoffice.swiss\/fr\/wp-json\/wp\/v2\/media?parent=10604"}],"wp:term":[{"taxonomy":"category","embeddable":true,"href":"https:\/\/flexoffice.swiss\/fr\/wp-json\/wp\/v2\/categories?post=10604"},{"taxonomy":"post_tag","embeddable":true,"href":"https:\/\/flexoffice.swiss\/fr\/wp-json\/wp\/v2\/tags?post=10604"}],"curies":[{"name":"wp","href":"https:\/\/api.w.org\/{rel}","templated":true}]}}