{"id":13088,"date":"2025-12-10T08:36:46","date_gmt":"2025-12-10T08:36:46","guid":{"rendered":"https:\/\/flexoffice.swiss\/?p=13088"},"modified":"2026-01-13T12:16:45","modified_gmt":"2026-01-13T12:16:45","slug":"flexoffice-paradeplatz-meetingraeume-neu-gedacht","status":"publish","type":"post","link":"https:\/\/flexoffice.swiss\/fr\/flexoffice-paradeplatz-meetingraeume-neu-gedacht\/","title":{"rendered":"FlexOffice Paradeplatz: Meetingr\u00e4ume neu gedacht"},"content":{"rendered":"\n<p>Im FlexOffice Paradeplatz begann das Entwerfen neuer Meetingr\u00e4ume lange bevor Materialien oder Moodboards ins Spiel kamen. Sie begann mit Beobachtung:&nbsp;tausenden Meetings, hunderten Teams und jede erdenklichen Arbeitsweise.<br>Wir haben gelernt: R\u00e4ume m\u00fcssen nicht gross sein, sie m\u00fcssen&nbsp;einfach Sinn machen. Sie brauchen nicht das neueste Gadget, sondern&nbsp;Klarheit. Und sie brauchen keinen L\u00e4rm, sondern&nbsp;Intention.<\/p>\n\n\n\n<p>Darum f\u00fchlen sich die R\u00e4ume am Paradeplatz anders an, sobald man sie betritt.<br>Das Licht ist weicher. Die Materialien sind w\u00e4rmer. Die Linien klarer. Die Farben beruhigend.<br>Eine Designsprache, die nicht versucht zu beeindrucken, sondern&nbsp;daf\u00fcr sorgt, dass man sich wohlf\u00fchlt.<br>Schweizerisch in ihrer Zur\u00fcckhaltung, urban in ihrem Selbstbewusstsein \u2013 und abgestimmt auf die besondere Energie des Paradeplatzes.<\/p>\n\n\n\n<p>Und es geht um mehr als nur \u00c4sthetik.<\/p>\n\n\n\n<h3 class=\"wp-block-heading\">R\u00e4ume, in denen Arbeit wirklich funktioniert<\/h3>\n\n\n\n<p><\/p>\n\n\n\n<p>Wir f\u00f6rdern produktives Arbeiten indem wir folgendes einsetzen:<br>\u2013 Deckenpaneele, die in fensterlosen R\u00e4umen Tageslicht imitieren<br>\u2013 QR-Codes mit Echtzeit-Verf\u00fcgbarkeiten <br>\u2013 Pr\u00e4senzsensoren, die verwaiste Buchungen automatisch entfernen<br>\u2013 H\u00e4ngelampen, die sich in Sekunden aus dem Kamerabild schieben lassen<br>\u2013 Grundrisse, die hybrides Arbeiten endlich ernst nehmen<\/p>\n\n\n\n<p>Das sind Dinge, die man erst bemerkt,&nbsp;wenn sie fehlen&nbsp;\u2013 nicht, wenn sie da sind.<\/p>\n\n\n\n<p>Alles ist darauf ausgelegt,&nbsp;intuitiv statt technisch,&nbsp;warm statt corporate&nbsp;zu wirken.<br>Denn der beste Meetingraum ist der, \u00fcber den man gar nicht nachdenken muss.<\/p>\n\n\n\n<h3 class=\"wp-block-heading\">Die Swiss Icons als Raum-Namen<\/h3>\n\n\n\n<p><\/p>\n\n\n\n<p>Es begann als Design-Detail und wurde schnell zu etwas Gr\u00f6sserem.<br>Ein Raum namens&nbsp;<em>The Corbusier<\/em>&nbsp;schafft Erwartungen, noch bevor man die T\u00fcr \u00f6ffnet.<br><em>The Saint Phalle<\/em>&nbsp;erzeugt eine andere Stimmung als&nbsp;<em>The Giacometti<\/em>.<br>Wenn man auf&nbsp;<em>The Roger<\/em>&nbsp;zugeht, weiss man intuitiv, welche Haltung das bevorstehende Meeting haben wird.<\/p>\n\n\n\n<p>Eine kleine narrative Ebene, die jedem Raum eine Identit\u00e4t verleiht \u2013 und den Menschen eine subtile emotionale Verbindung zu dem Ort, den sie w\u00e4hlen.<\/p>\n\n\n\n<p>Die Icons geben auch Hinweise darauf, wie die R\u00e4ume genutzt werden sollen:<br><strong>ruhige Selbstreflexion<\/strong>&nbsp;im&nbsp;<em>The Jung<\/em>,<br><strong>strukturiertes Denken<\/strong>&nbsp;im&nbsp;<em>The Euler<\/em>,<br><strong>mutige Ideen<\/strong>&nbsp;im&nbsp;<em>The Piccards<\/em>.<\/p>\n\n\n\n<p>Storytelling wird zur Orientierung. Und macht die gesamte Erfahrung einfach\u2026&nbsp;menschlicher.<\/p>\n\n\n\n<h3 class=\"wp-block-heading\">Unsere neuen Raumtypen am Paradeplatz<\/h3>\n\n\n\n<p><\/p>\n\n\n\n<p>Mit der Weiterentwicklung der Arbeit haben sich auch unsere Meetingr\u00e4ume weiterentwickelt. Paradeplatz f\u00fchrt ganz neue Raumtypen ein \u2013 und neue Denkweisen dar\u00fcber, was ein Meetingraum \u00fcberhaupt sein kann.<\/p>\n\n\n\n<h5 class=\"wp-block-heading\"><strong>The Hybrid Meeting Room \u2014 The Corbusier<\/strong><\/h5>\n\n\n\n<p><\/p>\n\n\n\n<p>Ein Raum, der&nbsp;von Grund auf&nbsp;f\u00fcr hybride Meetings entwickelt wurde \u2013 nicht nachtr\u00e4glich angepasst.<br>Der halbrunde Tisch bringt alle Teilnehmenden, ob im Raum oder remote, ins gleiche Blickfeld. Kein schlechter Sitzplatz, keine merkw\u00fcrdigen Winkel.<br>Nur klare Pr\u00e4senz und bessere Zusammenarbeit. Sauber, strukturiert, architektonisch.<\/p>\n\n\n\n<h5 class=\"wp-block-heading\"><strong>The Quiet Room \u2014 The Rousseau<\/strong><\/h5>\n\n\n\n<p><\/p>\n\n\n\n<p>Ein Raum f\u00fcr Stille. F\u00fcr Erholung. F\u00fcr eine Pause mitten im hektischen Tag.<br>Sanftes Licht, weiche Materialien, das Gef\u00fchl eines R\u00fcckzugortes.<br>Ein Raum, der die menschliche Seite der Arbeit unterst\u00fctzt.<\/p>\n\n\n\n<h5 class=\"wp-block-heading\"><strong>The Focus Room \u2014 The Einstein<\/strong><\/h5>\n\n\n\n<p><\/p>\n\n\n\n<p>Ein Ein-Personen-Raum f\u00fcr tiefes Arbeiten: dunkel, ruhig, privat.<br>F\u00fcr Calls, Konzentration, strategische Gedanken \u2013 und f\u00fcr Momente, in denen man die T\u00fcr zu allem anderen einfach schliessen muss.<\/p>\n\n\n\n<p>Nat\u00fcrlich gibt es auch klassische Meetingr\u00e4ume, wie man sie kennt und braucht.<\/p>\n\n\n\n<p>Wenn du die Swiss Icons, ihre R\u00e4ume oder den Standort Paradeplatz entdecken m\u00f6chtest, schau auf unserer Buchungsseite vorbei oder kontaktiere uns f\u00fcr eine pers\u00f6nliche F\u00fchrung.<\/p>\n\n\n\n<hr class=\"wp-block-separator has-alpha-channel-opacity\"\/>\n\n\n\n<p class=\"has-text-align-left\"><strong>Denn manche R\u00e4ume beherbergen nicht nur Meetings \u2013 sie gestalten sie.<\/strong><\/p>\n\n\n\n<div style=\"height:40px\" aria-hidden=\"true\" class=\"wp-block-spacer\"><\/div>\n\n\n\n<div class=\"wp-block-buttons is-layout-flex wp-block-buttons-is-layout-flex\">\n<div class=\"wp-block-button\"><a class=\"wp-block-button__link has-black-background-color has-background has-custom-font-size wp-element-button\" href=\"https:\/\/flexoffice.swiss\/en\/co2-en\/\" style=\"font-size:16px\" target=\"_blank\" rel=\"noreferrer noopener\">learn more<\/a><\/div>\n<\/div>\n\n\n\n<div style=\"height:40px\" aria-hidden=\"true\" class=\"wp-block-spacer\"><\/div>\n\n\n\n      <div id=\"block_bc25b6a1fd8804ec2b6cdeeb768b57b5\" class=\"block-cta  l-block\" >\n  \n      <div class=\"team-hero space slider-style-one\">\n\t\t<div class=\"container\">\n        \n                        \n            <div class=\"slider\"><div class=\"slide\"><img decoding=\"async\" class=\"slide-img\" src=\"https:\/\/flexoffice.swiss\/wp-content\/uploads\/ZHPP_Meetingraeume-8.jpg\" alt=\"\" \/><\/div><div class=\"slide\"><img decoding=\"async\" class=\"slide-img\" src=\"https:\/\/flexoffice.swiss\/wp-content\/uploads\/ZHPP_Meetingraeume-6.jpg\" alt=\"\" \/><\/div><div class=\"slide\"><img decoding=\"async\" class=\"slide-img\" src=\"https:\/\/flexoffice.swiss\/wp-content\/uploads\/ZHPP_Meetingraeume-4.jpg\" alt=\"\" \/><\/div><div class=\"slide\"><img decoding=\"async\" class=\"slide-img\" src=\"https:\/\/flexoffice.swiss\/wp-content\/uploads\/ZHPP_Meetingraeume-3.jpg\" alt=\"\" \/><\/div><\/div>\t\t\t\t\n\t\t<\/div>\n\t<\/div>\t\n    <\/div>","protected":false},"excerpt":{"rendered":"<p>Meetingr\u00e4ume sind heute nicht mehr das, was sie einmal waren. In den letzten sieben Jahren haben wir beobachtet, wie Menschen wirklich zusammenkommen: wie sie kollaborieren, sich austauschen, verhandeln, pausieren, brainstormen \u2013 und manchmal einfach nur durchatmen.<br \/>\nFlexOffice Paradeplatz ist das Ergebnis all dieser Erkenntnisse: eine Essenz aus allem, was funktioniert hat, allem, was wir weiter verbessert haben, und allem, was wir von Grund auf neu gedacht haben.<\/p>\n","protected":false},"author":22,"featured_media":13108,"comment_status":"closed","ping_status":"open","sticky":false,"template":"","format":"standard","meta":{"_acf_changed":false,"footnotes":""},"categories":[180,35,40,181],"tags":[],"class_list":["post-13088","post","type-post","status-publish","format-standard","has-post-thumbnail","","category-new-location","category-workplace","category-workplace-en","category-zurich"],"acf":[],"_links":{"self":[{"href":"https:\/\/flexoffice.swiss\/fr\/wp-json\/wp\/v2\/posts\/13088","targetHints":{"allow":["GET"]}}],"collection":[{"href":"https:\/\/flexoffice.swiss\/fr\/wp-json\/wp\/v2\/posts"}],"about":[{"href":"https:\/\/flexoffice.swiss\/fr\/wp-json\/wp\/v2\/types\/post"}],"author":[{"embeddable":true,"href":"https:\/\/flexoffice.swiss\/fr\/wp-json\/wp\/v2\/users\/22"}],"replies":[{"embeddable":true,"href":"https:\/\/flexoffice.swiss\/fr\/wp-json\/wp\/v2\/comments?post=13088"}],"version-history":[{"count":5,"href":"https:\/\/flexoffice.swiss\/fr\/wp-json\/wp\/v2\/posts\/13088\/revisions"}],"predecessor-version":[{"id":13827,"href":"https:\/\/flexoffice.swiss\/fr\/wp-json\/wp\/v2\/posts\/13088\/revisions\/13827"}],"wp:featuredmedia":[{"embeddable":true,"href":"https:\/\/flexoffice.swiss\/fr\/wp-json\/wp\/v2\/media\/13108"}],"wp:attachment":[{"href":"https:\/\/flexoffice.swiss\/fr\/wp-json\/wp\/v2\/media?parent=13088"}],"wp:term":[{"taxonomy":"category","embeddable":true,"href":"https:\/\/flexoffice.swiss\/fr\/wp-json\/wp\/v2\/categories?post=13088"},{"taxonomy":"post_tag","embeddable":true,"href":"https:\/\/flexoffice.swiss\/fr\/wp-json\/wp\/v2\/tags?post=13088"}],"curies":[{"name":"wp","href":"https:\/\/api.w.org\/{rel}","templated":true}]}}