{"id":1703,"date":"2022-03-08T11:21:36","date_gmt":"2022-03-08T11:21:36","guid":{"rendered":"https:\/\/flexoffice.swiss\/open-office-day-basel-messeturm\/"},"modified":"2024-08-16T12:23:35","modified_gmt":"2024-08-16T12:23:35","slug":"open-office-day-basel-messeturm","status":"publish","type":"post","link":"https:\/\/flexoffice.swiss\/fr\/open-office-day-basel-messeturm\/","title":{"rendered":"\u00abOpen Office Day\u00bb FlexOffice Messeturm in Basel"},"content":{"rendered":"\n<p>Das B\u00fcros erf\u00fcllt nicht mehr die alleinige Funktion als Ort, an dem man eine To-do-Liste abarbeiten kann. Vielmehr sollte das B\u00fcro ein attraktiver Ort f\u00fcr Zusammenarbeit, Kreativit\u00e4t und Lernen sein, an dem sich Mitarbeiter:innen gef\u00f6rdert und zugeh\u00f6rig f\u00fchlen.<\/p>\n\n\n\n<p>Anhand des nach neuesten Work-Standards eingerichteten FlexOffice auf dem 23. Stockwerk <a href=\"https:\/\/flexoffice.swiss\/location\/basel-messeturm\/\">im Messeturm in Basel<\/a>, lassen sich all diese Bed\u00fcrfnisse und wichtigsten Workplace-Trends veranschaulichen<\/p>\n\n\n\n<h3 class=\"wp-block-heading\"><strong>Einladung zum \u00abOpen Office Day\u00bb FlexOffice Messeturm, 23. Stock.<\/strong><\/h3>\n\n\n\n<p>Wir laden Dich gerne zu unserem \u00abOpen Office Day\u00bb am Donnerstag, den 31. M\u00e4rz 2022 ein. Erlebe neue Arbeitswelten f\u00fcr unterschiedliche Team-Bed\u00fcrfnisse und Arbeitsweisen anhand einem Live-Rundgang im neuesten <a href=\"https:\/\/flexoffice.swiss\/location\/basel-messeturm\/\">FlexOffice Workspace<\/a>, mit Informationen &amp; Best Practice, sowie virtuellen Showcase mit Oculus-VR Brille. Pers\u00f6nlich begleitet wird der der \u00abOpen Office Day\u00bb von unserem Head of Workplace, Sebastian Godenzi.<\/p>\n\n\n\n<p class=\"has-text-align-center\"><strong>\u00abOpen Office Day\u00bb<br>Am Donnerstag, 31. M\u00e4rz 2022 ab 14 Uhr<br>Wo: FlexOffice Messeturm, Messeplatz 10, 4058 Basel<br>23. Stock<br><br>Wir freuen uns \u00fcber deinen Besuch am \u00abOpen Office Day\u00bb.<\/strong><\/p>\n\n\n\n<p>Aufgrund der limitierten Pl\u00e4tze m\u00f6chten wir dich bitten, uns dein Interesse an einer Teilnahme vorab zu mailen:&nbsp;<a href=\"mailto:jeanique@flexoffice.swiss\">jeanique@flexoffice.swiss<\/a><\/p>\n","protected":false},"excerpt":{"rendered":"<p>Arbeitsplatztrends, welche sich w\u00e4hrend der Pandemie beschleunigt haben, werden nicht verschwinden. Dem Zeitgeist nach erwarten Mitarbeiter:innen viel mehr Flexibilit\u00e4t, Empathie, bessere Technologien und weitere Anreize, um ins B\u00fcro zu kommen.<\/p>\n","protected":false},"author":6,"featured_media":1704,"comment_status":"open","ping_status":"open","sticky":false,"template":"","format":"standard","meta":{"_acf_changed":false,"footnotes":""},"categories":[40],"tags":[],"class_list":["post-1703","post","type-post","status-publish","format-standard","has-post-thumbnail","","category-workplace-en"],"acf":[],"_links":{"self":[{"href":"https:\/\/flexoffice.swiss\/fr\/wp-json\/wp\/v2\/posts\/1703","targetHints":{"allow":["GET"]}}],"collection":[{"href":"https:\/\/flexoffice.swiss\/fr\/wp-json\/wp\/v2\/posts"}],"about":[{"href":"https:\/\/flexoffice.swiss\/fr\/wp-json\/wp\/v2\/types\/post"}],"author":[{"embeddable":true,"href":"https:\/\/flexoffice.swiss\/fr\/wp-json\/wp\/v2\/users\/6"}],"replies":[{"embeddable":true,"href":"https:\/\/flexoffice.swiss\/fr\/wp-json\/wp\/v2\/comments?post=1703"}],"version-history":[{"count":3,"href":"https:\/\/flexoffice.swiss\/fr\/wp-json\/wp\/v2\/posts\/1703\/revisions"}],"predecessor-version":[{"id":10414,"href":"https:\/\/flexoffice.swiss\/fr\/wp-json\/wp\/v2\/posts\/1703\/revisions\/10414"}],"wp:featuredmedia":[{"embeddable":true,"href":"https:\/\/flexoffice.swiss\/fr\/wp-json\/wp\/v2\/media\/1704"}],"wp:attachment":[{"href":"https:\/\/flexoffice.swiss\/fr\/wp-json\/wp\/v2\/media?parent=1703"}],"wp:term":[{"taxonomy":"category","embeddable":true,"href":"https:\/\/flexoffice.swiss\/fr\/wp-json\/wp\/v2\/categories?post=1703"},{"taxonomy":"post_tag","embeddable":true,"href":"https:\/\/flexoffice.swiss\/fr\/wp-json\/wp\/v2\/tags?post=1703"}],"curies":[{"name":"wp","href":"https:\/\/api.w.org\/{rel}","templated":true}]}}