{"id":1705,"date":"2022-03-10T10:44:37","date_gmt":"2022-03-10T10:44:37","guid":{"rendered":"https:\/\/flexoffice.swiss\/xo-apero-bern\/"},"modified":"2024-06-23T14:20:33","modified_gmt":"2024-06-23T14:20:33","slug":"xo-apero-bern","status":"publish","type":"post","link":"https:\/\/flexoffice.swiss\/fr\/xo-apero-bern\/","title":{"rendered":"XO YAY! Ap\u00e9ro Bern"},"content":{"rendered":"\n<p>Nun steht der Fr\u00fchling vor der T\u00fcr, die Massnahmen wurden aufgehoben und viele von euch finden langsam aber sicher den Weg zur\u00fcck ins B\u00fcro \u2013 dies wollen wir mit euch geb\u00fchrend feiern.<\/p>\n\n\n\n<p>Wir laden Dich herzlichst gerne zu einem Afterwork Ap\u00e9ro im FlexOffice Bern ein. Komm vorbei und nutze die feierliche Gelegenheit, um andere Mitglieder am Standort kennenzulernen und unsere erweiterten FlexOffice Fl\u00e4chen auf dem 3. Stock zu entdecken.<\/p>\n\n\n\n<h3 class=\"wp-block-heading\">\u00abXO YAY! Ap\u00e9ro\u00bb<\/h3>\n\n\n\n<p class=\"has-text-align-center\"><strong>Am Donnerstag, 7. April 2022 ab 16 Uhr<br>Wo: FlexOffice Murifeld, Weltpoststrasse 5, 3015 Bern<br>3. Obergeschoss<\/strong><\/p>\n\n\n\n<p class=\"has-text-align-center\"><strong>Wir freuen uns auf Dich.<\/strong><\/p>\n\n\n\n<p>F\u00fcr mehr Info und pers\u00f6nliche Anmeldung vorab kannst du dich gerne bei unserem Location Manager Mirjam melden&nbsp;<a href=\"mailto:%20mirjam@flexoffice.swiss\">mirjam@flexoffice.swiss<\/a><\/p>\n","protected":false},"excerpt":{"rendered":"<p>Im Sommer letzten Jahres haben wir unseren allerersten Standort, Bern Murifeld, mit dem Einzug in das 2. Stockwerk erweitert. Seitdem konnten wir viele neue Gesichter im FlexOffice begr\u00fcssen.<\/p>\n","protected":false},"author":7,"featured_media":1706,"comment_status":"open","ping_status":"open","sticky":false,"template":"","format":"standard","meta":{"_acf_changed":false,"footnotes":""},"categories":[37],"tags":[],"class_list":["post-1705","post","type-post","status-publish","format-standard","has-post-thumbnail","","category-flexoffice-news"],"acf":[],"_links":{"self":[{"href":"https:\/\/flexoffice.swiss\/fr\/wp-json\/wp\/v2\/posts\/1705","targetHints":{"allow":["GET"]}}],"collection":[{"href":"https:\/\/flexoffice.swiss\/fr\/wp-json\/wp\/v2\/posts"}],"about":[{"href":"https:\/\/flexoffice.swiss\/fr\/wp-json\/wp\/v2\/types\/post"}],"author":[{"embeddable":true,"href":"https:\/\/flexoffice.swiss\/fr\/wp-json\/wp\/v2\/users\/7"}],"replies":[{"embeddable":true,"href":"https:\/\/flexoffice.swiss\/fr\/wp-json\/wp\/v2\/comments?post=1705"}],"version-history":[{"count":5,"href":"https:\/\/flexoffice.swiss\/fr\/wp-json\/wp\/v2\/posts\/1705\/revisions"}],"predecessor-version":[{"id":8319,"href":"https:\/\/flexoffice.swiss\/fr\/wp-json\/wp\/v2\/posts\/1705\/revisions\/8319"}],"wp:featuredmedia":[{"embeddable":true,"href":"https:\/\/flexoffice.swiss\/fr\/wp-json\/wp\/v2\/media\/1706"}],"wp:attachment":[{"href":"https:\/\/flexoffice.swiss\/fr\/wp-json\/wp\/v2\/media?parent=1705"}],"wp:term":[{"taxonomy":"category","embeddable":true,"href":"https:\/\/flexoffice.swiss\/fr\/wp-json\/wp\/v2\/categories?post=1705"},{"taxonomy":"post_tag","embeddable":true,"href":"https:\/\/flexoffice.swiss\/fr\/wp-json\/wp\/v2\/tags?post=1705"}],"curies":[{"name":"wp","href":"https:\/\/api.w.org\/{rel}","templated":true}]}}